{"id":1043,"date":"2025-04-04T09:29:12","date_gmt":"2025-04-04T07:29:12","guid":{"rendered":"http:\/\/www.saintemadeleine.fr\/?p=1043"},"modified":"2025-04-04T09:29:12","modified_gmt":"2025-04-04T07:29:12","slug":"sortie-sur-avignon","status":"publish","type":"post","link":"http:\/\/www.saintemadeleine.fr\/?p=1043","title":{"rendered":"Sortie sur Avignon"},"content":{"rendered":"\n<p>Le jeudi 3 avril, les classes de CP et de CM1 sont partis sur Avignon.<\/p>\n\n\n\n<p>Ce matin, ils sont all\u00e9s voir le Petit Chaperon Rouge au th\u00e9\u00e2tre du Ch\u00eane noir.<\/p>\n\n\n\n<p>A midi, ils ont pique-niqu\u00e9 au pied du Palais des Papes avant de faire une visite avec une guide dans les rues d&rsquo;Avignon \u00e0 la recherche des animaux fantastiques.<\/p>\n\n\n\n<figure class=\"wp-block-image size-large\"><img loading=\"lazy\" decoding=\"async\" width=\"1024\" height=\"768\" src=\"http:\/\/www.saintemadeleine.fr\/wp-content\/uploads\/2025\/04\/20250403_093518-2-1024x768.jpg\" alt=\"\" class=\"wp-image-1047\" srcset=\"http:\/\/www.saintemadeleine.fr\/wp-content\/uploads\/2025\/04\/20250403_093518-2-1024x768.jpg 1024w, http:\/\/www.saintemadeleine.fr\/wp-content\/uploads\/2025\/04\/20250403_093518-2-300x225.jpg 300w, http:\/\/www.saintemadeleine.fr\/wp-content\/uploads\/2025\/04\/20250403_093518-2-768x576.jpg 768w, http:\/\/www.saintemadeleine.fr\/wp-content\/uploads\/2025\/04\/20250403_093518-2-1536x1152.jpg 1536w, http:\/\/www.saintemadeleine.fr\/wp-content\/uploads\/2025\/04\/20250403_093518-2-2048x1536.jpg 2048w\" sizes=\"(max-width: 1024px) 100vw, 1024px\" \/><\/figure>\n\n\n\n<figure class=\"wp-block-image size-large\"><img loading=\"lazy\" decoding=\"async\" width=\"768\" height=\"1024\" src=\"http:\/\/www.saintemadeleine.fr\/wp-content\/uploads\/2025\/04\/20250403_141309-768x1024.jpg\" alt=\"\" class=\"wp-image-1048\" srcset=\"http:\/\/www.saintemadeleine.fr\/wp-content\/uploads\/2025\/04\/20250403_141309-768x1024.jpg 768w, http:\/\/www.saintemadeleine.fr\/wp-content\/uploads\/2025\/04\/20250403_141309-225x300.jpg 225w, http:\/\/www.saintemadeleine.fr\/wp-content\/uploads\/2025\/04\/20250403_141309-1152x1536.jpg 1152w, http:\/\/www.saintemadeleine.fr\/wp-content\/uploads\/2025\/04\/20250403_141309-1536x2048.jpg 1536w, http:\/\/www.saintemadeleine.fr\/wp-content\/uploads\/2025\/04\/20250403_141309-scaled.jpg 1920w\" sizes=\"(max-width: 768px) 100vw, 768px\" \/><\/figure>\n\n\n\n<figure class=\"wp-block-image size-large\"><img loading=\"lazy\" decoding=\"async\" width=\"1024\" height=\"768\" src=\"http:\/\/www.saintemadeleine.fr\/wp-content\/uploads\/2025\/04\/20250403_120523-1-1024x768.jpg\" alt=\"\" class=\"wp-image-1049\" srcset=\"http:\/\/www.saintemadeleine.fr\/wp-content\/uploads\/2025\/04\/20250403_120523-1-1024x768.jpg 1024w, http:\/\/www.saintemadeleine.fr\/wp-content\/uploads\/2025\/04\/20250403_120523-1-300x225.jpg 300w, http:\/\/www.saintemadeleine.fr\/wp-content\/uploads\/2025\/04\/20250403_120523-1-768x576.jpg 768w, http:\/\/www.saintemadeleine.fr\/wp-content\/uploads\/2025\/04\/20250403_120523-1-1536x1152.jpg 1536w, http:\/\/www.saintemadeleine.fr\/wp-content\/uploads\/2025\/04\/20250403_120523-1-2048x1536.jpg 2048w\" sizes=\"(max-width: 1024px) 100vw, 1024px\" \/><\/figure>\n\n\n\n<figure class=\"wp-block-image size-large\"><img loading=\"lazy\" decoding=\"async\" width=\"1024\" height=\"768\" src=\"http:\/\/www.saintemadeleine.fr\/wp-content\/uploads\/2025\/04\/20250403_150740-1024x768.jpg\" alt=\"\" class=\"wp-image-1050\" srcset=\"http:\/\/www.saintemadeleine.fr\/wp-content\/uploads\/2025\/04\/20250403_150740-1024x768.jpg 1024w, http:\/\/www.saintemadeleine.fr\/wp-content\/uploads\/2025\/04\/20250403_150740-300x225.jpg 300w, http:\/\/www.saintemadeleine.fr\/wp-content\/uploads\/2025\/04\/20250403_150740-768x576.jpg 768w, http:\/\/www.saintemadeleine.fr\/wp-content\/uploads\/2025\/04\/20250403_150740-1536x1152.jpg 1536w, http:\/\/www.saintemadeleine.fr\/wp-content\/uploads\/2025\/04\/20250403_150740-2048x1536.jpg 2048w\" sizes=\"(max-width: 1024px) 100vw, 1024px\" \/><\/figure>\n","protected":false},"excerpt":{"rendered":"<p>Le jeudi 3 avril, les classes de CP et de CM1 sont partis sur Avignon. Ce matin, ils sont all\u00e9s &hellip; <\/p>\n","protected":false},"author":2,"featured_media":0,"comment_status":"closed","ping_status":"","sticky":false,"template":"","format":"standard","meta":{"footnotes":""},"categories":[1],"tags":[],"post_mailing_queue_ids":[],"_links":{"self":[{"href":"http:\/\/www.saintemadeleine.fr\/index.php?rest_route=\/wp\/v2\/posts\/1043"}],"collection":[{"href":"http:\/\/www.saintemadeleine.fr\/index.php?rest_route=\/wp\/v2\/posts"}],"about":[{"href":"http:\/\/www.saintemadeleine.fr\/index.php?rest_route=\/wp\/v2\/types\/post"}],"author":[{"embeddable":true,"href":"http:\/\/www.saintemadeleine.fr\/index.php?rest_route=\/wp\/v2\/users\/2"}],"replies":[{"embeddable":true,"href":"http:\/\/www.saintemadeleine.fr\/index.php?rest_route=%2Fwp%2Fv2%2Fcomments&post=1043"}],"version-history":[{"count":1,"href":"http:\/\/www.saintemadeleine.fr\/index.php?rest_route=\/wp\/v2\/posts\/1043\/revisions"}],"predecessor-version":[{"id":1051,"href":"http:\/\/www.saintemadeleine.fr\/index.php?rest_route=\/wp\/v2\/posts\/1043\/revisions\/1051"}],"wp:attachment":[{"href":"http:\/\/www.saintemadeleine.fr\/index.php?rest_route=%2Fwp%2Fv2%2Fmedia&parent=1043"}],"wp:term":[{"taxonomy":"category","embeddable":true,"href":"http:\/\/www.saintemadeleine.fr\/index.php?rest_route=%2Fwp%2Fv2%2Fcategories&post=1043"},{"taxonomy":"post_tag","embeddable":true,"href":"http:\/\/www.saintemadeleine.fr\/index.php?rest_route=%2Fwp%2Fv2%2Ftags&post=1043"}],"curies":[{"name":"wp","href":"https:\/\/api.w.org\/{rel}","templated":true}]}}