{"id":1068,"date":"2025-04-23T09:09:49","date_gmt":"2025-04-23T07:09:49","guid":{"rendered":"http:\/\/www.saintemadeleine.fr\/?p=1068"},"modified":"2025-04-23T09:09:49","modified_gmt":"2025-04-23T07:09:49","slug":"%f0%9f%8c%bf-operation-nettoyons-le-sud-%f0%9f%8c%bf-ensemble-faisons-la-difference-%f0%9f%92%aa","status":"publish","type":"post","link":"http:\/\/www.saintemadeleine.fr\/?p=1068","title":{"rendered":"\ud83c\udf3f Op\u00e9ration Nettoyons le Sud \ud83c\udf3f Ensemble, faisons la diff\u00e9rence ! \ud83d\udcaa"},"content":{"rendered":"\n<p><\/p>\n\n\n\n<p>La grande op\u00e9ration de ramassage des d\u00e9chets revient pour une nouvelle \u00e9dition. En 2024, gr\u00e2ce \u00e0 vous, 85 tonnes de d\u00e9chets ont \u00e9t\u00e9 collect\u00e9es par 20 000 b\u00e9n\u00e9voles sur 300 communes ! Cette ann\u00e9e, continuons sur cette belle lanc\u00e9e.<\/p>\n\n\n\n<p>\ud83d\udcc5 RDV samedi 26 avril \u00e0 10h au Patio du P\u00f4le Interg\u00e9n\u00e9rationnel pour une collation et la distribution du mat\u00e9riel de collecte.&nbsp;<\/p>\n\n\n\n<p>\ud83d\udeb6 D\u00e9part \u00e0 10h30 vers les zones \u00e0 nettoyer.&nbsp;<\/p>\n\n\n\n<p>\ud83c\udf79 Retour \u00e0 partir de 11h30 au Patio pour un ap\u00e9ritif convivial.&nbsp;<\/p>\n\n\n\n<p>Parce que chaque geste compte, mobilisons-nous pour l\u2019environnement ! \ud83c\udf0e \ud83d\udc9a \ud83d\udd17&nbsp;<\/p>\n\n\n\n<p>Partagez et invitez vos amis !<\/p>\n\n\n\n<figure class=\"wp-block-image size-full is-style-default\"><img loading=\"lazy\" decoding=\"async\" width=\"655\" height=\"665\" src=\"http:\/\/www.saintemadeleine.fr\/wp-content\/uploads\/2025\/04\/nettoyons-le-sud.jpg\" alt=\"\" class=\"wp-image-1069\" srcset=\"http:\/\/www.saintemadeleine.fr\/wp-content\/uploads\/2025\/04\/nettoyons-le-sud.jpg 655w, http:\/\/www.saintemadeleine.fr\/wp-content\/uploads\/2025\/04\/nettoyons-le-sud-295x300.jpg 295w, http:\/\/www.saintemadeleine.fr\/wp-content\/uploads\/2025\/04\/nettoyons-le-sud-70x70.jpg 70w\" sizes=\"(max-width: 655px) 100vw, 655px\" \/><\/figure>\n","protected":false},"excerpt":{"rendered":"<p>La grande op\u00e9ration de ramassage des d\u00e9chets revient pour une nouvelle \u00e9dition. En 2024, gr\u00e2ce \u00e0 vous, 85 tonnes de &hellip; <\/p>\n","protected":false},"author":2,"featured_media":0,"comment_status":"closed","ping_status":"","sticky":false,"template":"","format":"standard","meta":{"footnotes":""},"categories":[1],"tags":[],"post_mailing_queue_ids":[],"_links":{"self":[{"href":"http:\/\/www.saintemadeleine.fr\/index.php?rest_route=\/wp\/v2\/posts\/1068"}],"collection":[{"href":"http:\/\/www.saintemadeleine.fr\/index.php?rest_route=\/wp\/v2\/posts"}],"about":[{"href":"http:\/\/www.saintemadeleine.fr\/index.php?rest_route=\/wp\/v2\/types\/post"}],"author":[{"embeddable":true,"href":"http:\/\/www.saintemadeleine.fr\/index.php?rest_route=\/wp\/v2\/users\/2"}],"replies":[{"embeddable":true,"href":"http:\/\/www.saintemadeleine.fr\/index.php?rest_route=%2Fwp%2Fv2%2Fcomments&post=1068"}],"version-history":[{"count":1,"href":"http:\/\/www.saintemadeleine.fr\/index.php?rest_route=\/wp\/v2\/posts\/1068\/revisions"}],"predecessor-version":[{"id":1070,"href":"http:\/\/www.saintemadeleine.fr\/index.php?rest_route=\/wp\/v2\/posts\/1068\/revisions\/1070"}],"wp:attachment":[{"href":"http:\/\/www.saintemadeleine.fr\/index.php?rest_route=%2Fwp%2Fv2%2Fmedia&parent=1068"}],"wp:term":[{"taxonomy":"category","embeddable":true,"href":"http:\/\/www.saintemadeleine.fr\/index.php?rest_route=%2Fwp%2Fv2%2Fcategories&post=1068"},{"taxonomy":"post_tag","embeddable":true,"href":"http:\/\/www.saintemadeleine.fr\/index.php?rest_route=%2Fwp%2Fv2%2Ftags&post=1068"}],"curies":[{"name":"wp","href":"https:\/\/api.w.org\/{rel}","templated":true}]}}