{"id":1071,"date":"2025-04-23T09:08:36","date_gmt":"2025-04-23T07:08:36","guid":{"rendered":"http:\/\/www.saintemadeleine.fr\/?p=1071"},"modified":"2025-04-23T09:08:36","modified_gmt":"2025-04-23T07:08:36","slug":"seance-arts-plastiques-ce1-portrait-geometrique","status":"publish","type":"post","link":"http:\/\/www.saintemadeleine.fr\/?p=1071","title":{"rendered":"S\u00e9ance Arts\u00a0plastiques\u00a0CE1 : Portrait g\u00e9om\u00e9trique"},"content":{"rendered":"\n<p>La classe de CE1 est tr\u00e8s fi\u00e8re de vous pr\u00e9senter leur&nbsp;r\u00e9alisation&nbsp;en Arts&nbsp;plastiques.<\/p>\n\n\n\n<p>Les objectifs de cette s\u00e9ance \u00e9taient d&rsquo;inventer et dessiner un portrait dont le visage est compos\u00e9 de formes g\u00e9om\u00e9triques mais \u00e9galement de ma\u00eetriser la qualit\u00e9 de son&nbsp;geste&nbsp;pour colorier aux feutres de couleur afin d&rsquo;obtenir de belles nuances.<\/p>\n\n\n\n<p>Tout au long de l&rsquo;ann\u00e9e, les \u00e9l\u00e8ves en classe de CE1 d\u00e9couvrent et apprennent, en g\u00e9om\u00e9trie, \u00e0 :<\/p>\n\n\n\n<p>\u00a7&nbsp; Reconnaitre, nommer, d\u00e9crire, reproduire, construire quelques figures g\u00e9om\u00e9triques.<\/p>\n\n\n\n<p>\u00a7&nbsp; Rep\u00e9rer des figures simples dans un assemblage, dans son environnement proche ou sur des photos.<\/p>\n\n\n\n<p>\u00a7&nbsp; Reconnaitre les figures usuelles suivantes : carr\u00e9, rectangle, triangle et cercle.<\/p>\n\n\n\n<p>\u00a7&nbsp; D\u00e9crire le carr\u00e9, le rectangle, le triangle et le triangle rectangle en utilisant un vocabulaire appropri\u00e9.<\/p>\n\n\n\n<p>Cette mission peut parfois \u00eatre complexe car la pr\u00e9cision et la concentration sont la cl\u00e9 d&rsquo;une figure r\u00e9ussie.&nbsp;<\/p>\n\n\n\n<p>De nombreux artistes ont travaill\u00e9 sur la g\u00e9om\u00e9trie et se sont appuy\u00e9s sur les relations et propri\u00e9t\u00e9s g\u00e9om\u00e9triques pour exprimer leur art. Pour&nbsp;les \u00e9l\u00e8ves, c&rsquo;est une fa\u00e7on de montrer la g\u00e9om\u00e9trique sous un autre angle et de cr\u00e9er une motivation. C&rsquo;est donc un v\u00e9ritable travail qui peut \u00eatre engag\u00e9.<\/p>\n\n\n\n<p>F\u00e9licitations et bravo \u00e0 nos artistes de CE1 qui ont r\u00e9alis\u00e9 avec succ\u00e8s ces portraits.<\/p>\n\n\n\n<figure class=\"wp-block-image size-large\"><img loading=\"lazy\" decoding=\"async\" width=\"1024\" height=\"694\" src=\"http:\/\/www.saintemadeleine.fr\/wp-content\/uploads\/2025\/04\/arts-plastiques-CE1-1024x694.jpg\" alt=\"\" class=\"wp-image-1072\" srcset=\"http:\/\/www.saintemadeleine.fr\/wp-content\/uploads\/2025\/04\/arts-plastiques-CE1-1024x694.jpg 1024w, http:\/\/www.saintemadeleine.fr\/wp-content\/uploads\/2025\/04\/arts-plastiques-CE1-300x203.jpg 300w, http:\/\/www.saintemadeleine.fr\/wp-content\/uploads\/2025\/04\/arts-plastiques-CE1-768x520.jpg 768w, http:\/\/www.saintemadeleine.fr\/wp-content\/uploads\/2025\/04\/arts-plastiques-CE1.jpg 1097w\" sizes=\"(max-width: 1024px) 100vw, 1024px\" \/><\/figure>\n\n\n\n<figure class=\"wp-block-image size-large\"><img loading=\"lazy\" decoding=\"async\" width=\"1024\" height=\"666\" src=\"http:\/\/www.saintemadeleine.fr\/wp-content\/uploads\/2025\/04\/arts-plastiques-2-1024x666.jpg\" alt=\"\" class=\"wp-image-1073\" srcset=\"http:\/\/www.saintemadeleine.fr\/wp-content\/uploads\/2025\/04\/arts-plastiques-2-1024x666.jpg 1024w, http:\/\/www.saintemadeleine.fr\/wp-content\/uploads\/2025\/04\/arts-plastiques-2-300x195.jpg 300w, http:\/\/www.saintemadeleine.fr\/wp-content\/uploads\/2025\/04\/arts-plastiques-2-768x499.jpg 768w, http:\/\/www.saintemadeleine.fr\/wp-content\/uploads\/2025\/04\/arts-plastiques-2.jpg 1037w\" sizes=\"(max-width: 1024px) 100vw, 1024px\" \/><\/figure>\n","protected":false},"excerpt":{"rendered":"<p>La classe de CE1 est tr\u00e8s fi\u00e8re de vous pr\u00e9senter leur&nbsp;r\u00e9alisation&nbsp;en Arts&nbsp;plastiques. Les objectifs de cette s\u00e9ance \u00e9taient d&rsquo;inventer et &hellip; <\/p>\n","protected":false},"author":2,"featured_media":0,"comment_status":"closed","ping_status":"","sticky":false,"template":"","format":"standard","meta":{"footnotes":""},"categories":[1],"tags":[],"post_mailing_queue_ids":[],"_links":{"self":[{"href":"http:\/\/www.saintemadeleine.fr\/index.php?rest_route=\/wp\/v2\/posts\/1071"}],"collection":[{"href":"http:\/\/www.saintemadeleine.fr\/index.php?rest_route=\/wp\/v2\/posts"}],"about":[{"href":"http:\/\/www.saintemadeleine.fr\/index.php?rest_route=\/wp\/v2\/types\/post"}],"author":[{"embeddable":true,"href":"http:\/\/www.saintemadeleine.fr\/index.php?rest_route=\/wp\/v2\/users\/2"}],"replies":[{"embeddable":true,"href":"http:\/\/www.saintemadeleine.fr\/index.php?rest_route=%2Fwp%2Fv2%2Fcomments&post=1071"}],"version-history":[{"count":1,"href":"http:\/\/www.saintemadeleine.fr\/index.php?rest_route=\/wp\/v2\/posts\/1071\/revisions"}],"predecessor-version":[{"id":1074,"href":"http:\/\/www.saintemadeleine.fr\/index.php?rest_route=\/wp\/v2\/posts\/1071\/revisions\/1074"}],"wp:attachment":[{"href":"http:\/\/www.saintemadeleine.fr\/index.php?rest_route=%2Fwp%2Fv2%2Fmedia&parent=1071"}],"wp:term":[{"taxonomy":"category","embeddable":true,"href":"http:\/\/www.saintemadeleine.fr\/index.php?rest_route=%2Fwp%2Fv2%2Fcategories&post=1071"},{"taxonomy":"post_tag","embeddable":true,"href":"http:\/\/www.saintemadeleine.fr\/index.php?rest_route=%2Fwp%2Fv2%2Ftags&post=1071"}],"curies":[{"name":"wp","href":"https:\/\/api.w.org\/{rel}","templated":true}]}}