{"id":1089,"date":"2025-06-02T09:55:10","date_gmt":"2025-06-02T07:55:10","guid":{"rendered":"http:\/\/www.saintemadeleine.fr\/?p=1089"},"modified":"2025-06-02T09:56:04","modified_gmt":"2025-06-02T07:56:04","slug":"sortie-au-vieux-mas-a-beaucaire","status":"publish","type":"post","link":"http:\/\/www.saintemadeleine.fr\/?p=1089","title":{"rendered":"Sortie au vieux mas \u00e0 Beaucaire"},"content":{"rendered":"\n<p>Vendredi 25 avril, les \u00e9l\u00e8ves de la classe de CE1 et CM2 ont pass\u00e9 la journ\u00e9e au Vieux Mas \u00e0 Beaucaire. Dans ce lieu authentique, unique dans la r\u00e9gion et rempli d\u2019histoire, les \u00e9l\u00e8ves ont&nbsp;replong\u00e9 le temps d\u2019une visite au temps de nos grands-parents ou arri\u00e8re-grands-parents en 1900.<\/p>\n\n\n\n<p>Dans un b\u00e2timent du XVIII\u00e8me si\u00e8cle, les \u00e9l\u00e8ves ont pu retrouver les odeurs oubli\u00e9es, les animaux vivants de la ferme, l\u2019\u00e9cole de campagne, la maison du fermier, les vieux m\u00e9tiers, partager le savoir-faire ancestral aux c\u00f4t\u00e9s d\u2019artisans passionn\u00e9s, et vibrer d\u2019\u00e9motion avec les spectacles vivants.<\/p>\n\n\n\n<p>De l\u2019\u00e9motion \u00e0 la d\u00e9couverte, ce patrimoine historique et familial a \u00e9bloui petits et grands.<\/p>\n\n\n\n<div class=\"wp-block-group\"><div class=\"wp-block-group__inner-container is-layout-constrained wp-block-group-is-layout-constrained\">\n<figure class=\"wp-block-image size-full\"><img loading=\"lazy\" decoding=\"async\" width=\"795\" height=\"601\" src=\"http:\/\/www.saintemadeleine.fr\/wp-content\/uploads\/2025\/06\/Capture-decran-2025-06-02-083913.jpg\" alt=\"\" class=\"wp-image-1090\" srcset=\"http:\/\/www.saintemadeleine.fr\/wp-content\/uploads\/2025\/06\/Capture-decran-2025-06-02-083913.jpg 795w, http:\/\/www.saintemadeleine.fr\/wp-content\/uploads\/2025\/06\/Capture-decran-2025-06-02-083913-300x227.jpg 300w, http:\/\/www.saintemadeleine.fr\/wp-content\/uploads\/2025\/06\/Capture-decran-2025-06-02-083913-768x581.jpg 768w\" sizes=\"(max-width: 795px) 100vw, 795px\" \/><\/figure>\n\n\n\n<figure class=\"wp-block-image size-full\"><img loading=\"lazy\" decoding=\"async\" width=\"786\" height=\"601\" src=\"http:\/\/www.saintemadeleine.fr\/wp-content\/uploads\/2025\/06\/Capture-decran-2025-06-02-094546.jpg\" alt=\"\" class=\"wp-image-1091\" srcset=\"http:\/\/www.saintemadeleine.fr\/wp-content\/uploads\/2025\/06\/Capture-decran-2025-06-02-094546.jpg 786w, http:\/\/www.saintemadeleine.fr\/wp-content\/uploads\/2025\/06\/Capture-decran-2025-06-02-094546-300x229.jpg 300w, http:\/\/www.saintemadeleine.fr\/wp-content\/uploads\/2025\/06\/Capture-decran-2025-06-02-094546-768x587.jpg 768w\" sizes=\"(max-width: 786px) 100vw, 786px\" \/><\/figure>\n<\/div><\/div>\n\n\n\n<figure class=\"wp-block-image size-full\"><img loading=\"lazy\" decoding=\"async\" width=\"636\" height=\"543\" src=\"http:\/\/www.saintemadeleine.fr\/wp-content\/uploads\/2025\/06\/Capture-decran-2025-06-02-094618.jpg\" alt=\"\" class=\"wp-image-1092\" srcset=\"http:\/\/www.saintemadeleine.fr\/wp-content\/uploads\/2025\/06\/Capture-decran-2025-06-02-094618.jpg 636w, http:\/\/www.saintemadeleine.fr\/wp-content\/uploads\/2025\/06\/Capture-decran-2025-06-02-094618-300x256.jpg 300w\" sizes=\"(max-width: 636px) 100vw, 636px\" \/><\/figure>\n\n\n\n<figure class=\"wp-block-image size-full\"><img loading=\"lazy\" decoding=\"async\" width=\"629\" height=\"613\" src=\"http:\/\/www.saintemadeleine.fr\/wp-content\/uploads\/2025\/06\/Capture-decran-2025-06-02-094650.jpg\" alt=\"\" class=\"wp-image-1093\" srcset=\"http:\/\/www.saintemadeleine.fr\/wp-content\/uploads\/2025\/06\/Capture-decran-2025-06-02-094650.jpg 629w, http:\/\/www.saintemadeleine.fr\/wp-content\/uploads\/2025\/06\/Capture-decran-2025-06-02-094650-300x292.jpg 300w\" sizes=\"(max-width: 629px) 100vw, 629px\" \/><\/figure>\n\n\n\n<figure class=\"wp-block-image size-full\"><img loading=\"lazy\" decoding=\"async\" width=\"635\" height=\"412\" src=\"http:\/\/www.saintemadeleine.fr\/wp-content\/uploads\/2025\/06\/Capture-decran-2025-06-02-094721.jpg\" alt=\"\" class=\"wp-image-1094\" srcset=\"http:\/\/www.saintemadeleine.fr\/wp-content\/uploads\/2025\/06\/Capture-decran-2025-06-02-094721.jpg 635w, http:\/\/www.saintemadeleine.fr\/wp-content\/uploads\/2025\/06\/Capture-decran-2025-06-02-094721-300x195.jpg 300w\" sizes=\"(max-width: 635px) 100vw, 635px\" \/><\/figure>\n\n\n\n<figure class=\"wp-block-image size-full\"><img loading=\"lazy\" decoding=\"async\" width=\"784\" height=\"495\" src=\"http:\/\/www.saintemadeleine.fr\/wp-content\/uploads\/2025\/06\/Capture-decran-2025-06-02-094804.jpg\" alt=\"\" class=\"wp-image-1095\" srcset=\"http:\/\/www.saintemadeleine.fr\/wp-content\/uploads\/2025\/06\/Capture-decran-2025-06-02-094804.jpg 784w, http:\/\/www.saintemadeleine.fr\/wp-content\/uploads\/2025\/06\/Capture-decran-2025-06-02-094804-300x189.jpg 300w, http:\/\/www.saintemadeleine.fr\/wp-content\/uploads\/2025\/06\/Capture-decran-2025-06-02-094804-768x485.jpg 768w\" sizes=\"(max-width: 784px) 100vw, 784px\" \/><\/figure>\n\n\n\n<figure class=\"wp-block-image size-full\"><img loading=\"lazy\" decoding=\"async\" width=\"797\" height=\"509\" src=\"http:\/\/www.saintemadeleine.fr\/wp-content\/uploads\/2025\/06\/Capture-decran-2025-06-02-094827.jpg\" alt=\"\" class=\"wp-image-1096\" srcset=\"http:\/\/www.saintemadeleine.fr\/wp-content\/uploads\/2025\/06\/Capture-decran-2025-06-02-094827.jpg 797w, http:\/\/www.saintemadeleine.fr\/wp-content\/uploads\/2025\/06\/Capture-decran-2025-06-02-094827-300x192.jpg 300w, http:\/\/www.saintemadeleine.fr\/wp-content\/uploads\/2025\/06\/Capture-decran-2025-06-02-094827-768x490.jpg 768w\" sizes=\"(max-width: 797px) 100vw, 797px\" \/><\/figure>\n\n\n\n<figure class=\"wp-block-image size-full\"><img loading=\"lazy\" decoding=\"async\" width=\"748\" height=\"654\" src=\"http:\/\/www.saintemadeleine.fr\/wp-content\/uploads\/2025\/06\/Capture-decran-2025-06-02-094854.jpg\" alt=\"\" class=\"wp-image-1097\" srcset=\"http:\/\/www.saintemadeleine.fr\/wp-content\/uploads\/2025\/06\/Capture-decran-2025-06-02-094854.jpg 748w, http:\/\/www.saintemadeleine.fr\/wp-content\/uploads\/2025\/06\/Capture-decran-2025-06-02-094854-300x262.jpg 300w\" sizes=\"(max-width: 748px) 100vw, 748px\" \/><\/figure>\n","protected":false},"excerpt":{"rendered":"<p>Vendredi 25 avril, les \u00e9l\u00e8ves de la classe de CE1 et CM2 ont pass\u00e9 la journ\u00e9e au Vieux Mas \u00e0 &hellip; <\/p>\n","protected":false},"author":2,"featured_media":0,"comment_status":"closed","ping_status":"","sticky":false,"template":"","format":"standard","meta":{"footnotes":""},"categories":[1],"tags":[],"post_mailing_queue_ids":[],"_links":{"self":[{"href":"http:\/\/www.saintemadeleine.fr\/index.php?rest_route=\/wp\/v2\/posts\/1089"}],"collection":[{"href":"http:\/\/www.saintemadeleine.fr\/index.php?rest_route=\/wp\/v2\/posts"}],"about":[{"href":"http:\/\/www.saintemadeleine.fr\/index.php?rest_route=\/wp\/v2\/types\/post"}],"author":[{"embeddable":true,"href":"http:\/\/www.saintemadeleine.fr\/index.php?rest_route=\/wp\/v2\/users\/2"}],"replies":[{"embeddable":true,"href":"http:\/\/www.saintemadeleine.fr\/index.php?rest_route=%2Fwp%2Fv2%2Fcomments&post=1089"}],"version-history":[{"count":3,"href":"http:\/\/www.saintemadeleine.fr\/index.php?rest_route=\/wp\/v2\/posts\/1089\/revisions"}],"predecessor-version":[{"id":1100,"href":"http:\/\/www.saintemadeleine.fr\/index.php?rest_route=\/wp\/v2\/posts\/1089\/revisions\/1100"}],"wp:attachment":[{"href":"http:\/\/www.saintemadeleine.fr\/index.php?rest_route=%2Fwp%2Fv2%2Fmedia&parent=1089"}],"wp:term":[{"taxonomy":"category","embeddable":true,"href":"http:\/\/www.saintemadeleine.fr\/index.php?rest_route=%2Fwp%2Fv2%2Fcategories&post=1089"},{"taxonomy":"post_tag","embeddable":true,"href":"http:\/\/www.saintemadeleine.fr\/index.php?rest_route=%2Fwp%2Fv2%2Ftags&post=1089"}],"curies":[{"name":"wp","href":"https:\/\/api.w.org\/{rel}","templated":true}]}}