{"id":1103,"date":"2025-06-02T10:37:09","date_gmt":"2025-06-02T08:37:09","guid":{"rendered":"http:\/\/www.saintemadeleine.fr\/?p=1103"},"modified":"2025-06-02T10:37:09","modified_gmt":"2025-06-02T08:37:09","slug":"preparation-pour-le-college","status":"publish","type":"post","link":"http:\/\/www.saintemadeleine.fr\/?p=1103","title":{"rendered":"Pr\u00e9paration pour le coll\u00e8ge"},"content":{"rendered":"\n<p>Lundi 19 mai un professeur de math\u00e9matiques en coll\u00e8ge est venu faire une intervention \u00e0 la classe de CM2. Les \u00e9l\u00e8ves ont pu poser des questions&nbsp;et ils ont pu en apprendre davantage sur le fonctionnement qui les attend l&rsquo;ann\u00e9e prochaine.<\/p>\n\n\n\n<p>Cette rencontre&nbsp;est en effet essentielle \u00e0 plus d\u2019un titre et doit permettre d\u2019avoir&nbsp;<strong>une continuit\u00e9<\/strong>&nbsp;du parcours de l\u2019\u00e9l\u00e8ve en permettant :<\/p>\n\n\n\n<ul>\n<li>De rassurer les \u00e9l\u00e8ves et les aider \u00e0 se projeter dans leur ann\u00e9e de 6\u00e8me.<\/li>\n\n\n\n<li>D\u2019assurer une continuit\u00e9 dans les comportements et les apprentissages.<\/li>\n\n\n\n<li>De favoriser la construction par les \u00e9l\u00e8ves, des comp\u00e9tences attendues, en travaillant \u00e0 la cr\u00e9ation de liens porteurs de sens entre le\u00a0premier et second degr\u00e9, pour tous les acteurs.<\/li>\n\n\n\n<li>De positionner le coll\u00e8ge dans la suite logique du parcours de l\u2019\u00e9l\u00e8ve.<\/li>\n\n\n\n<li>De rassurer les familles en montrant la continuit\u00e9 du parcours de l\u2019\u00e9l\u00e8ve.<\/li>\n<\/ul>\n\n\n\n<p>La classe de CM2 aura une seconde intervention le vendredi 20 juin\u00a0avec Terre de Provence afin de compl\u00e9ter l&rsquo;accompagnement pour leur passage au coll\u00e8ge.<\/p>\n","protected":false},"excerpt":{"rendered":"<p>Lundi 19 mai un professeur de math\u00e9matiques en coll\u00e8ge est venu faire une intervention \u00e0 la classe de CM2. Les &hellip; <\/p>\n","protected":false},"author":2,"featured_media":0,"comment_status":"closed","ping_status":"","sticky":false,"template":"","format":"standard","meta":{"footnotes":""},"categories":[1],"tags":[],"post_mailing_queue_ids":[],"_links":{"self":[{"href":"http:\/\/www.saintemadeleine.fr\/index.php?rest_route=\/wp\/v2\/posts\/1103"}],"collection":[{"href":"http:\/\/www.saintemadeleine.fr\/index.php?rest_route=\/wp\/v2\/posts"}],"about":[{"href":"http:\/\/www.saintemadeleine.fr\/index.php?rest_route=\/wp\/v2\/types\/post"}],"author":[{"embeddable":true,"href":"http:\/\/www.saintemadeleine.fr\/index.php?rest_route=\/wp\/v2\/users\/2"}],"replies":[{"embeddable":true,"href":"http:\/\/www.saintemadeleine.fr\/index.php?rest_route=%2Fwp%2Fv2%2Fcomments&post=1103"}],"version-history":[{"count":1,"href":"http:\/\/www.saintemadeleine.fr\/index.php?rest_route=\/wp\/v2\/posts\/1103\/revisions"}],"predecessor-version":[{"id":1104,"href":"http:\/\/www.saintemadeleine.fr\/index.php?rest_route=\/wp\/v2\/posts\/1103\/revisions\/1104"}],"wp:attachment":[{"href":"http:\/\/www.saintemadeleine.fr\/index.php?rest_route=%2Fwp%2Fv2%2Fmedia&parent=1103"}],"wp:term":[{"taxonomy":"category","embeddable":true,"href":"http:\/\/www.saintemadeleine.fr\/index.php?rest_route=%2Fwp%2Fv2%2Fcategories&post=1103"},{"taxonomy":"post_tag","embeddable":true,"href":"http:\/\/www.saintemadeleine.fr\/index.php?rest_route=%2Fwp%2Fv2%2Ftags&post=1103"}],"curies":[{"name":"wp","href":"https:\/\/api.w.org\/{rel}","templated":true}]}}