{"id":1112,"date":"2025-06-12T13:42:47","date_gmt":"2025-06-12T11:42:47","guid":{"rendered":"http:\/\/www.saintemadeleine.fr\/?p=1112"},"modified":"2025-06-12T13:42:47","modified_gmt":"2025-06-12T11:42:47","slug":"exposition-des-eleves-a-la-mediatheque","status":"publish","type":"post","link":"http:\/\/www.saintemadeleine.fr\/?p=1112","title":{"rendered":"Exposition des \u00e9l\u00e8ves \u00e0 la M\u00e9diath\u00e8que"},"content":{"rendered":"\n<p><\/p>\n\n\n\n<figure class=\"wp-block-image size-full\"><img loading=\"lazy\" decoding=\"async\" width=\"467\" height=\"656\" src=\"http:\/\/www.saintemadeleine.fr\/wp-content\/uploads\/2025\/06\/expo-autour-du-bleu.jpg\" alt=\"\" class=\"wp-image-1113\" srcset=\"http:\/\/www.saintemadeleine.fr\/wp-content\/uploads\/2025\/06\/expo-autour-du-bleu.jpg 467w, http:\/\/www.saintemadeleine.fr\/wp-content\/uploads\/2025\/06\/expo-autour-du-bleu-214x300.jpg 214w\" sizes=\"(max-width: 467px) 100vw, 467px\" \/><\/figure>\n","protected":false},"excerpt":{"rendered":"","protected":false},"author":2,"featured_media":0,"comment_status":"closed","ping_status":"","sticky":false,"template":"","format":"standard","meta":{"footnotes":""},"categories":[1],"tags":[],"post_mailing_queue_ids":[],"_links":{"self":[{"href":"http:\/\/www.saintemadeleine.fr\/index.php?rest_route=\/wp\/v2\/posts\/1112"}],"collection":[{"href":"http:\/\/www.saintemadeleine.fr\/index.php?rest_route=\/wp\/v2\/posts"}],"about":[{"href":"http:\/\/www.saintemadeleine.fr\/index.php?rest_route=\/wp\/v2\/types\/post"}],"author":[{"embeddable":true,"href":"http:\/\/www.saintemadeleine.fr\/index.php?rest_route=\/wp\/v2\/users\/2"}],"replies":[{"embeddable":true,"href":"http:\/\/www.saintemadeleine.fr\/index.php?rest_route=%2Fwp%2Fv2%2Fcomments&post=1112"}],"version-history":[{"count":1,"href":"http:\/\/www.saintemadeleine.fr\/index.php?rest_route=\/wp\/v2\/posts\/1112\/revisions"}],"predecessor-version":[{"id":1114,"href":"http:\/\/www.saintemadeleine.fr\/index.php?rest_route=\/wp\/v2\/posts\/1112\/revisions\/1114"}],"wp:attachment":[{"href":"http:\/\/www.saintemadeleine.fr\/index.php?rest_route=%2Fwp%2Fv2%2Fmedia&parent=1112"}],"wp:term":[{"taxonomy":"category","embeddable":true,"href":"http:\/\/www.saintemadeleine.fr\/index.php?rest_route=%2Fwp%2Fv2%2Fcategories&post=1112"},{"taxonomy":"post_tag","embeddable":true,"href":"http:\/\/www.saintemadeleine.fr\/index.php?rest_route=%2Fwp%2Fv2%2Ftags&post=1112"}],"curies":[{"name":"wp","href":"https:\/\/api.w.org\/{rel}","templated":true}]}}