{"id":1157,"date":"2025-10-31T11:19:01","date_gmt":"2025-10-31T10:19:01","guid":{"rendered":"http:\/\/www.saintemadeleine.fr\/?p=1157"},"modified":"2025-10-31T11:19:01","modified_gmt":"2025-10-31T10:19:01","slug":"deux-journees-bien-chargees","status":"publish","type":"post","link":"http:\/\/www.saintemadeleine.fr\/?p=1157","title":{"rendered":"Deux journ\u00e9es bien charg\u00e9es"},"content":{"rendered":"\n<p>Les deux derniers jours avant les vacances de la Toussaint, les \u00e9l\u00e8ves de l&rsquo;\u00e9cole Sainte Madeleine ont pu participer \u00e0 de belles activit\u00e9s.<\/p>\n\n\n\n<p>D\u00e8s le jeudi matin, un exercice d&rsquo;alerte PPMS (plan de mise en s\u00e9curit\u00e9) orchestr\u00e9 par la gendarmerie nationale a permis aux \u00e9l\u00e8ves de se familiariser avec les consignes de s\u00e9curit\u00e9 en cas d&rsquo;intrusion \u00e0 l&rsquo;\u00e9cole et de connaitre les r\u00e8gles de protection \u00e0 appliquer. <\/p>\n\n\n\n<p>L&rsquo;apr\u00e8s-midi a r\u00e9uni tous les \u00e9l\u00e8ves de l&rsquo;\u00e9cole aux ar\u00e8nes de Cabannes pour un beau spectacle de Buffalo Bill avec des cow-boys et des indiens, des chevaux, un bison et un chien tr\u00e8s habile ! Une belle colonne d&rsquo;enfants a travers\u00e9 notre village encadr\u00e9e par la police municipale et les parents accompagnateurs. <\/p>\n\n\n\n<div class=\"wp-block-group\"><div class=\"wp-block-group__inner-container is-layout-constrained wp-block-group-is-layout-constrained\">\n<figure class=\"wp-block-gallery has-nested-images columns-default is-cropped wp-block-gallery-1 is-layout-flex wp-block-gallery-is-layout-flex\">\n<figure class=\"wp-block-image size-full\"><img loading=\"lazy\" decoding=\"async\" width=\"480\" height=\"640\" src=\"http:\/\/www.saintemadeleine.fr\/wp-content\/uploads\/2025\/10\/IMG_5012-rotated.jpg\" alt=\"\" class=\"wp-image-1168\" srcset=\"http:\/\/www.saintemadeleine.fr\/wp-content\/uploads\/2025\/10\/IMG_5012-rotated.jpg 480w, http:\/\/www.saintemadeleine.fr\/wp-content\/uploads\/2025\/10\/IMG_5012-225x300.jpg 225w\" sizes=\"(max-width: 480px) 100vw, 480px\" \/><\/figure>\n\n\n\n<figure class=\"wp-block-image size-full\"><img loading=\"lazy\" decoding=\"async\" width=\"480\" height=\"640\" src=\"http:\/\/www.saintemadeleine.fr\/wp-content\/uploads\/2025\/10\/IMG_5002-rotated.jpg\" alt=\"\" class=\"wp-image-1165\" srcset=\"http:\/\/www.saintemadeleine.fr\/wp-content\/uploads\/2025\/10\/IMG_5002-rotated.jpg 480w, http:\/\/www.saintemadeleine.fr\/wp-content\/uploads\/2025\/10\/IMG_5002-225x300.jpg 225w\" sizes=\"(max-width: 480px) 100vw, 480px\" \/><\/figure>\n\n\n\n<figure class=\"wp-block-image size-full\"><img loading=\"lazy\" decoding=\"async\" width=\"480\" height=\"640\" src=\"http:\/\/www.saintemadeleine.fr\/wp-content\/uploads\/2025\/10\/IMG_5008-rotated.jpg\" alt=\"\" class=\"wp-image-1167\" srcset=\"http:\/\/www.saintemadeleine.fr\/wp-content\/uploads\/2025\/10\/IMG_5008-rotated.jpg 480w, http:\/\/www.saintemadeleine.fr\/wp-content\/uploads\/2025\/10\/IMG_5008-225x300.jpg 225w\" sizes=\"(max-width: 480px) 100vw, 480px\" \/><\/figure>\n\n\n\n<figure class=\"wp-block-image size-full\"><img loading=\"lazy\" decoding=\"async\" width=\"480\" height=\"640\" src=\"http:\/\/www.saintemadeleine.fr\/wp-content\/uploads\/2025\/10\/IMG_4994-rotated.jpg\" alt=\"\" class=\"wp-image-1164\" srcset=\"http:\/\/www.saintemadeleine.fr\/wp-content\/uploads\/2025\/10\/IMG_4994-rotated.jpg 480w, http:\/\/www.saintemadeleine.fr\/wp-content\/uploads\/2025\/10\/IMG_4994-225x300.jpg 225w\" sizes=\"(max-width: 480px) 100vw, 480px\" \/><\/figure>\n\n\n\n<figure class=\"wp-block-image size-full\"><img loading=\"lazy\" decoding=\"async\" width=\"480\" height=\"640\" src=\"http:\/\/www.saintemadeleine.fr\/wp-content\/uploads\/2025\/10\/IMG_5005-rotated.jpg\" alt=\"\" class=\"wp-image-1166\" srcset=\"http:\/\/www.saintemadeleine.fr\/wp-content\/uploads\/2025\/10\/IMG_5005-rotated.jpg 480w, http:\/\/www.saintemadeleine.fr\/wp-content\/uploads\/2025\/10\/IMG_5005-225x300.jpg 225w\" sizes=\"(max-width: 480px) 100vw, 480px\" \/><\/figure>\n\n\n\n<figure class=\"wp-block-image size-full\"><img loading=\"lazy\" decoding=\"async\" width=\"480\" height=\"640\" src=\"http:\/\/www.saintemadeleine.fr\/wp-content\/uploads\/2025\/10\/IMG_4996-rotated.jpg\" alt=\"\" class=\"wp-image-1162\" srcset=\"http:\/\/www.saintemadeleine.fr\/wp-content\/uploads\/2025\/10\/IMG_4996-rotated.jpg 480w, http:\/\/www.saintemadeleine.fr\/wp-content\/uploads\/2025\/10\/IMG_4996-225x300.jpg 225w\" sizes=\"(max-width: 480px) 100vw, 480px\" \/><\/figure>\n\n\n\n<figure class=\"wp-block-image size-full\"><img loading=\"lazy\" decoding=\"async\" width=\"2560\" height=\"1443\" src=\"http:\/\/www.saintemadeleine.fr\/wp-content\/uploads\/2025\/10\/IMG_20251016_154236-scaled.jpg\" alt=\"\" class=\"wp-image-1161\" srcset=\"http:\/\/www.saintemadeleine.fr\/wp-content\/uploads\/2025\/10\/IMG_20251016_154236-scaled.jpg 2560w, http:\/\/www.saintemadeleine.fr\/wp-content\/uploads\/2025\/10\/IMG_20251016_154236-300x169.jpg 300w, http:\/\/www.saintemadeleine.fr\/wp-content\/uploads\/2025\/10\/IMG_20251016_154236-1024x577.jpg 1024w, http:\/\/www.saintemadeleine.fr\/wp-content\/uploads\/2025\/10\/IMG_20251016_154236-768x433.jpg 768w, http:\/\/www.saintemadeleine.fr\/wp-content\/uploads\/2025\/10\/IMG_20251016_154236-1536x866.jpg 1536w, http:\/\/www.saintemadeleine.fr\/wp-content\/uploads\/2025\/10\/IMG_20251016_154236-2048x1155.jpg 2048w\" sizes=\"(max-width: 2560px) 100vw, 2560px\" \/><\/figure>\n\n\n\n<figure class=\"wp-block-image size-full\"><img loading=\"lazy\" decoding=\"async\" width=\"480\" height=\"640\" src=\"http:\/\/www.saintemadeleine.fr\/wp-content\/uploads\/2025\/10\/IMG_4989-1-rotated.jpg\" alt=\"\" class=\"wp-image-1163\" srcset=\"http:\/\/www.saintemadeleine.fr\/wp-content\/uploads\/2025\/10\/IMG_4989-1-rotated.jpg 480w, http:\/\/www.saintemadeleine.fr\/wp-content\/uploads\/2025\/10\/IMG_4989-1-225x300.jpg 225w\" sizes=\"(max-width: 480px) 100vw, 480px\" \/><\/figure>\n<\/figure>\n<\/div><\/div>\n\n\n\n<p>Le vendredi \u00e9tait ax\u00e9 sur les plus grands avec une formation 1er secours (PSC1) pour les \u00e9l\u00e8ves de CM2, et une d\u00e9couverte du rugby en fauteuil roulant pour les CE1 et CE2 afin de les sensibiliser au handicap au quotidien et \u00e0 la pratique d&rsquo;un sport collectif en fauteuil roulant.<\/p>\n\n\n\n<figure class=\"wp-block-gallery has-nested-images columns-default is-cropped wp-block-gallery-2 is-layout-flex wp-block-gallery-is-layout-flex\">\n<figure class=\"wp-block-image size-large\"><img loading=\"lazy\" decoding=\"async\" width=\"640\" height=\"480\" data-id=\"1171\" src=\"http:\/\/www.saintemadeleine.fr\/wp-content\/uploads\/2025\/10\/IMG_5014-1.jpg\" alt=\"\" class=\"wp-image-1171\" srcset=\"http:\/\/www.saintemadeleine.fr\/wp-content\/uploads\/2025\/10\/IMG_5014-1.jpg 640w, http:\/\/www.saintemadeleine.fr\/wp-content\/uploads\/2025\/10\/IMG_5014-1-300x225.jpg 300w\" sizes=\"(max-width: 640px) 100vw, 640px\" \/><\/figure>\n\n\n\n<figure class=\"wp-block-image size-large\"><img loading=\"lazy\" decoding=\"async\" width=\"480\" height=\"640\" data-id=\"1175\" src=\"http:\/\/www.saintemadeleine.fr\/wp-content\/uploads\/2025\/10\/IMG_5015-1-rotated.jpg\" alt=\"\" class=\"wp-image-1175\" srcset=\"http:\/\/www.saintemadeleine.fr\/wp-content\/uploads\/2025\/10\/IMG_5015-1-rotated.jpg 480w, http:\/\/www.saintemadeleine.fr\/wp-content\/uploads\/2025\/10\/IMG_5015-1-225x300.jpg 225w\" sizes=\"(max-width: 480px) 100vw, 480px\" \/><\/figure>\n\n\n\n<figure class=\"wp-block-image size-large\"><img loading=\"lazy\" decoding=\"async\" width=\"320\" height=\"240\" data-id=\"1173\" src=\"http:\/\/www.saintemadeleine.fr\/wp-content\/uploads\/2025\/10\/IMG_5016.jpg\" alt=\"\" class=\"wp-image-1173\" srcset=\"http:\/\/www.saintemadeleine.fr\/wp-content\/uploads\/2025\/10\/IMG_5016.jpg 320w, http:\/\/www.saintemadeleine.fr\/wp-content\/uploads\/2025\/10\/IMG_5016-300x225.jpg 300w\" sizes=\"(max-width: 320px) 100vw, 320px\" \/><\/figure>\n\n\n\n<figure class=\"wp-block-image size-large\"><img loading=\"lazy\" decoding=\"async\" width=\"320\" height=\"240\" data-id=\"1174\" src=\"http:\/\/www.saintemadeleine.fr\/wp-content\/uploads\/2025\/10\/IMG_5017.jpg\" alt=\"\" class=\"wp-image-1174\" srcset=\"http:\/\/www.saintemadeleine.fr\/wp-content\/uploads\/2025\/10\/IMG_5017.jpg 320w, http:\/\/www.saintemadeleine.fr\/wp-content\/uploads\/2025\/10\/IMG_5017-300x225.jpg 300w\" sizes=\"(max-width: 320px) 100vw, 320px\" \/><\/figure>\n\n\n\n<figure class=\"wp-block-image size-large\"><img loading=\"lazy\" decoding=\"async\" width=\"240\" height=\"320\" data-id=\"1172\" src=\"http:\/\/www.saintemadeleine.fr\/wp-content\/uploads\/2025\/10\/IMG_5019-rotated.jpg\" alt=\"\" class=\"wp-image-1172\" srcset=\"http:\/\/www.saintemadeleine.fr\/wp-content\/uploads\/2025\/10\/IMG_5019-rotated.jpg 240w, http:\/\/www.saintemadeleine.fr\/wp-content\/uploads\/2025\/10\/IMG_5019-225x300.jpg 225w\" sizes=\"(max-width: 240px) 100vw, 240px\" \/><\/figure>\n\n\n\n<figure class=\"wp-block-image size-large\"><img loading=\"lazy\" decoding=\"async\" width=\"640\" height=\"480\" data-id=\"1176\" src=\"http:\/\/www.saintemadeleine.fr\/wp-content\/uploads\/2025\/10\/IMG_5020.jpg\" alt=\"\" class=\"wp-image-1176\" srcset=\"http:\/\/www.saintemadeleine.fr\/wp-content\/uploads\/2025\/10\/IMG_5020.jpg 640w, http:\/\/www.saintemadeleine.fr\/wp-content\/uploads\/2025\/10\/IMG_5020-300x225.jpg 300w\" sizes=\"(max-width: 640px) 100vw, 640px\" \/><\/figure>\n<\/figure>\n","protected":false},"excerpt":{"rendered":"<p>Les deux derniers jours avant les vacances de la Toussaint, les \u00e9l\u00e8ves de l&rsquo;\u00e9cole Sainte Madeleine ont pu participer \u00e0 &hellip; <\/p>\n","protected":false},"author":2,"featured_media":0,"comment_status":"closed","ping_status":"","sticky":false,"template":"","format":"standard","meta":{"footnotes":""},"categories":[1],"tags":[],"post_mailing_queue_ids":[],"_links":{"self":[{"href":"http:\/\/www.saintemadeleine.fr\/index.php?rest_route=\/wp\/v2\/posts\/1157"}],"collection":[{"href":"http:\/\/www.saintemadeleine.fr\/index.php?rest_route=\/wp\/v2\/posts"}],"about":[{"href":"http:\/\/www.saintemadeleine.fr\/index.php?rest_route=\/wp\/v2\/types\/post"}],"author":[{"embeddable":true,"href":"http:\/\/www.saintemadeleine.fr\/index.php?rest_route=\/wp\/v2\/users\/2"}],"replies":[{"embeddable":true,"href":"http:\/\/www.saintemadeleine.fr\/index.php?rest_route=%2Fwp%2Fv2%2Fcomments&post=1157"}],"version-history":[{"count":1,"href":"http:\/\/www.saintemadeleine.fr\/index.php?rest_route=\/wp\/v2\/posts\/1157\/revisions"}],"predecessor-version":[{"id":1177,"href":"http:\/\/www.saintemadeleine.fr\/index.php?rest_route=\/wp\/v2\/posts\/1157\/revisions\/1177"}],"wp:attachment":[{"href":"http:\/\/www.saintemadeleine.fr\/index.php?rest_route=%2Fwp%2Fv2%2Fmedia&parent=1157"}],"wp:term":[{"taxonomy":"category","embeddable":true,"href":"http:\/\/www.saintemadeleine.fr\/index.php?rest_route=%2Fwp%2Fv2%2Fcategories&post=1157"},{"taxonomy":"post_tag","embeddable":true,"href":"http:\/\/www.saintemadeleine.fr\/index.php?rest_route=%2Fwp%2Fv2%2Ftags&post=1157"}],"curies":[{"name":"wp","href":"https:\/\/api.w.org\/{rel}","templated":true}]}}