{"id":1193,"date":"2025-11-06T13:41:35","date_gmt":"2025-11-06T12:41:35","guid":{"rendered":"http:\/\/www.saintemadeleine.fr\/?p=1193"},"modified":"2025-11-06T13:41:35","modified_gmt":"2025-11-06T12:41:35","slug":"ce1-journee-nationale-de-lutte-contre-le-harcelement-a-lecole","status":"publish","type":"post","link":"http:\/\/www.saintemadeleine.fr\/?p=1193","title":{"rendered":"CE1 : Journ\u00e9e nationale de lutte contre le harc\u00e8lement \u00e0 l&rsquo;\u00e9cole"},"content":{"rendered":"\n<p>En lien avec la le\u00e7on d\u2019Enseignement Moral et Civique : \u00ab\u00a0Qu&rsquo;est ce que le harc\u00e8lement ?\u00a0\u00bb et le programme pHARe, la classe de CE1 a&nbsp;r\u00e9alis\u00e9&nbsp;une affiche pour la journ\u00e9e nationale de lutte contre le harc\u00e8lement \u00e0 l&rsquo;\u00e9cole qui se d\u00e9roule le jeudi 6 novembre pour l&rsquo;ann\u00e9e 2025.<\/p>\n\n\n\n<p>La journ\u00e9e nationale de lutte contre le harc\u00e8lement est organis\u00e9e chaque ann\u00e9e au mois de novembre. C&rsquo;est l&rsquo;occasion de rappeler combien la pr\u00e9vention et la lutte contre le harc\u00e8lement sont fondamentales pour permettre aux \u00e9l\u00e8ves d&rsquo;avoir une scolarit\u00e9 \u00e9panouie dans le cadre de la priorit\u00e9 donn\u00e9e au bien-\u00eatre.<\/p>\n\n\n\n<p><strong>La r\u00e9ussite de la lutte contre le harc\u00e8lement repose \u00e9galement sur l&rsquo;engagement des \u00e9l\u00e8ves<\/strong>.<\/p>\n\n\n\n<p>Outre la lutte contre le harc\u00e8lement, ce dispositif permet de valoriser le r\u00f4le des \u00e9l\u00e8ves et de leur donner des responsabilit\u00e9s au sein de leur \u00e9tablissement.\u200c<\/p>\n\n\n\n<p>Pour information :<\/p>\n\n\n\n<p>\u00c9l\u00e8ves, parents, professionnels, un num\u00e9ro vert et une application mobile pour tout renseignement ou signalement : le&nbsp;<strong>3018. Ce num\u00e9ro gratuit, anonyme et confidentiel est disponible 7j\/7, de 9h00 \u00e0 23h00.<\/strong><\/p>\n\n\n\n<p>Le 3018 a pour vocation de soutenir et d\u2019accompagner toutes les jeunes victimes de harc\u00e8lement.<\/p>\n\n\n\n<figure class=\"wp-block-image size-full\"><img loading=\"lazy\" decoding=\"async\" width=\"456\" height=\"648\" src=\"http:\/\/www.saintemadeleine.fr\/wp-content\/uploads\/2025\/11\/HARC2LEMENT-0-L42COLE.jpg\" alt=\"\" class=\"wp-image-1194\" srcset=\"http:\/\/www.saintemadeleine.fr\/wp-content\/uploads\/2025\/11\/HARC2LEMENT-0-L42COLE.jpg 456w, http:\/\/www.saintemadeleine.fr\/wp-content\/uploads\/2025\/11\/HARC2LEMENT-0-L42COLE-211x300.jpg 211w\" sizes=\"(max-width: 456px) 100vw, 456px\" \/><\/figure>\n","protected":false},"excerpt":{"rendered":"<p>En lien avec la le\u00e7on d\u2019Enseignement Moral et Civique : \u00ab\u00a0Qu&rsquo;est ce que le harc\u00e8lement ?\u00a0\u00bb et le programme pHARe, &hellip; <\/p>\n","protected":false},"author":2,"featured_media":0,"comment_status":"closed","ping_status":"","sticky":false,"template":"","format":"standard","meta":{"footnotes":""},"categories":[1],"tags":[],"post_mailing_queue_ids":[],"_links":{"self":[{"href":"http:\/\/www.saintemadeleine.fr\/index.php?rest_route=\/wp\/v2\/posts\/1193"}],"collection":[{"href":"http:\/\/www.saintemadeleine.fr\/index.php?rest_route=\/wp\/v2\/posts"}],"about":[{"href":"http:\/\/www.saintemadeleine.fr\/index.php?rest_route=\/wp\/v2\/types\/post"}],"author":[{"embeddable":true,"href":"http:\/\/www.saintemadeleine.fr\/index.php?rest_route=\/wp\/v2\/users\/2"}],"replies":[{"embeddable":true,"href":"http:\/\/www.saintemadeleine.fr\/index.php?rest_route=%2Fwp%2Fv2%2Fcomments&post=1193"}],"version-history":[{"count":1,"href":"http:\/\/www.saintemadeleine.fr\/index.php?rest_route=\/wp\/v2\/posts\/1193\/revisions"}],"predecessor-version":[{"id":1195,"href":"http:\/\/www.saintemadeleine.fr\/index.php?rest_route=\/wp\/v2\/posts\/1193\/revisions\/1195"}],"wp:attachment":[{"href":"http:\/\/www.saintemadeleine.fr\/index.php?rest_route=%2Fwp%2Fv2%2Fmedia&parent=1193"}],"wp:term":[{"taxonomy":"category","embeddable":true,"href":"http:\/\/www.saintemadeleine.fr\/index.php?rest_route=%2Fwp%2Fv2%2Fcategories&post=1193"},{"taxonomy":"post_tag","embeddable":true,"href":"http:\/\/www.saintemadeleine.fr\/index.php?rest_route=%2Fwp%2Fv2%2Ftags&post=1193"}],"curies":[{"name":"wp","href":"https:\/\/api.w.org\/{rel}","templated":true}]}}