{"id":1230,"date":"2025-12-05T12:09:41","date_gmt":"2025-12-05T11:09:41","guid":{"rendered":"http:\/\/www.saintemadeleine.fr\/?p=1230"},"modified":"2025-12-05T12:09:41","modified_gmt":"2025-12-05T11:09:41","slug":"%f0%9f%8e%89-vente-de-nems-au-profit-de-la-classe-verte-%f0%9f%8c%bf","status":"publish","type":"post","link":"http:\/\/www.saintemadeleine.fr\/?p=1230","title":{"rendered":"\ud83c\udf89 VENTE DE NEMS \u2013 AU PROFIT DE LA CLASSE VERTE ! \ud83c\udf3f"},"content":{"rendered":"\n<p>Aidez les \u00e9l\u00e8ves de CE1\/CE2 de l\u2019\u00e9cole Sainte Madeleine \u00e0 financer leur classe verte tout en vous r\u00e9galant \ud83d\ude0b<br><br>\ud83e\udd62 Nems faits maison \u2013 25 \u20ac les 20<br><br>\ud83d\udcc5 Commandes ouvertes d\u00e8s maintenant par SMS au 0607566657<br>\ud83d\udce6 Retrait des commandes : \u00e0 Cabannes \u00e0 mon domicile.<br>\ud83d\udcb0 Paiement : en esp\u00e8ces\/wero\/paypal\/virement<br><br>L\u2019int\u00e9gralit\u00e9 des b\u00e9n\u00e9fices sera revers\u00e9e pour soutenir le d\u00e9part en classe verte des enfants \ud83d\udc9a<br><br>Merci pour votre participation et votre gourmandise !\u00a0\ud83d\ude4f<\/p>\n","protected":false},"excerpt":{"rendered":"<p>Aidez les \u00e9l\u00e8ves de CE1\/CE2 de l\u2019\u00e9cole Sainte Madeleine \u00e0 financer leur classe verte tout en vous r\u00e9galant \ud83d\ude0b \ud83e\udd62 &hellip; <\/p>\n","protected":false},"author":2,"featured_media":0,"comment_status":"closed","ping_status":"","sticky":false,"template":"","format":"standard","meta":{"footnotes":""},"categories":[1],"tags":[],"post_mailing_queue_ids":[],"_links":{"self":[{"href":"http:\/\/www.saintemadeleine.fr\/index.php?rest_route=\/wp\/v2\/posts\/1230"}],"collection":[{"href":"http:\/\/www.saintemadeleine.fr\/index.php?rest_route=\/wp\/v2\/posts"}],"about":[{"href":"http:\/\/www.saintemadeleine.fr\/index.php?rest_route=\/wp\/v2\/types\/post"}],"author":[{"embeddable":true,"href":"http:\/\/www.saintemadeleine.fr\/index.php?rest_route=\/wp\/v2\/users\/2"}],"replies":[{"embeddable":true,"href":"http:\/\/www.saintemadeleine.fr\/index.php?rest_route=%2Fwp%2Fv2%2Fcomments&post=1230"}],"version-history":[{"count":1,"href":"http:\/\/www.saintemadeleine.fr\/index.php?rest_route=\/wp\/v2\/posts\/1230\/revisions"}],"predecessor-version":[{"id":1231,"href":"http:\/\/www.saintemadeleine.fr\/index.php?rest_route=\/wp\/v2\/posts\/1230\/revisions\/1231"}],"wp:attachment":[{"href":"http:\/\/www.saintemadeleine.fr\/index.php?rest_route=%2Fwp%2Fv2%2Fmedia&parent=1230"}],"wp:term":[{"taxonomy":"category","embeddable":true,"href":"http:\/\/www.saintemadeleine.fr\/index.php?rest_route=%2Fwp%2Fv2%2Fcategories&post=1230"},{"taxonomy":"post_tag","embeddable":true,"href":"http:\/\/www.saintemadeleine.fr\/index.php?rest_route=%2Fwp%2Fv2%2Ftags&post=1230"}],"curies":[{"name":"wp","href":"https:\/\/api.w.org\/{rel}","templated":true}]}}